{"id":1855,"date":"2024-08-27T20:50:18","date_gmt":"2024-08-27T20:50:18","guid":{"rendered":"https:\/\/museojuanlorenzo.com\/?p=1855"},"modified":"2026-04-09T23:34:54","modified_gmt":"2026-04-09T23:34:54","slug":"batalla-de-barbacoas","status":"publish","type":"post","link":"https:\/\/museojuanlorenzo.com\/index.php\/2024\/08\/27\/batalla-de-barbacoas\/","title":{"rendered":"Evento Batalla de Barbacoas"},"content":{"rendered":"\t\t<div data-elementor-type=\"wp-post\" data-elementor-id=\"1855\" class=\"elementor elementor-1855\">\n\t\t\t\t\t\t<section class=\"elementor-section elementor-top-section elementor-element elementor-element-73a9099 elementor-section-full_width elementor-section-height-default elementor-section-height-default wpr-particle-no wpr-jarallax-no wpr-sticky-section-no\" data-id=\"73a9099\" data-element_type=\"section\" data-settings=\"{&quot;background_background&quot;:&quot;classic&quot;}\">\n\t\t\t\t\t\t<div class=\"elementor-container elementor-column-gap-default\">\n\t\t\t\t\t<div class=\"elementor-column elementor-col-100 elementor-top-column elementor-element elementor-element-6bfca43\" data-id=\"6bfca43\" data-element_type=\"column\">\n\t\t\t<div class=\"elementor-widget-wrap elementor-element-populated\">\n\t\t\t\t\t\t<section class=\"elementor-section elementor-inner-section elementor-element elementor-element-6741836 elementor-section-boxed elementor-section-height-default elementor-section-height-default wpr-particle-no wpr-jarallax-no wpr-sticky-section-no\" data-id=\"6741836\" data-element_type=\"section\">\n\t\t\t\t\t\t<div class=\"elementor-container elementor-column-gap-default\">\n\t\t\t\t\t<div class=\"elementor-column elementor-col-50 elementor-inner-column elementor-element elementor-element-3b0d2cb\" data-id=\"3b0d2cb\" data-element_type=\"column\">\n\t\t\t<div class=\"elementor-widget-wrap elementor-element-populated\">\n\t\t\t\t\t\t<div class=\"elementor-element elementor-element-cc10d35 elementor-widget elementor-widget-image\" data-id=\"cc10d35\" data-element_type=\"widget\" data-widget_type=\"image.default\">\n\t\t\t\t<div class=\"elementor-widget-container\">\n\t\t\t\t\t\t\t\t\t\t\t\t\t\t\t<img fetchpriority=\"high\" decoding=\"async\" width=\"1080\" height=\"1350\" src=\"https:\/\/museojuanlorenzo.com\/wp-content\/uploads\/2024\/08\/barbacoas.png\" class=\"attachment-full size-full wp-image-1857\" alt=\"\" srcset=\"https:\/\/museojuanlorenzo.com\/wp-content\/uploads\/2024\/08\/barbacoas.png 1080w, https:\/\/museojuanlorenzo.com\/wp-content\/uploads\/2024\/08\/barbacoas-240x300.png 240w, https:\/\/museojuanlorenzo.com\/wp-content\/uploads\/2024\/08\/barbacoas-819x1024.png 819w, https:\/\/museojuanlorenzo.com\/wp-content\/uploads\/2024\/08\/barbacoas-768x960.png 768w, https:\/\/museojuanlorenzo.com\/wp-content\/uploads\/2024\/08\/elementor\/thumbs\/barbacoas-qt8p7inhu598y6jdz69cw3dg0nd0fiygzu9c9ycowg.png 800w, https:\/\/museojuanlorenzo.com\/wp-content\/uploads\/2024\/08\/elementor\/thumbs\/barbacoas-qt8p7ingv27zkgjjkttxht4r40av8xznrphmy8nx2g.png 720w\" sizes=\"(max-width: 1080px) 100vw, 1080px\" \/>\t\t\t\t\t\t\t\t\t\t\t\t\t\t\t<\/div>\n\t\t\t\t<\/div>\n\t\t\t\t\t<\/div>\n\t\t<\/div>\n\t\t\t\t<div class=\"elementor-column elementor-col-50 elementor-inner-column elementor-element elementor-element-2a792c6\" data-id=\"2a792c6\" data-element_type=\"column\">\n\t\t\t<div class=\"elementor-widget-wrap elementor-element-populated\">\n\t\t\t\t\t\t<div class=\"elementor-element elementor-element-8ef0c3c elementor-widget elementor-widget-heading\" data-id=\"8ef0c3c\" data-element_type=\"widget\" data-widget_type=\"heading.default\">\n\t\t\t\t<div class=\"elementor-widget-container\">\n\t\t\t\t\t<h2 class=\"elementor-heading-title elementor-size-default\">La Batalla de Barbacoas<\/h2>\t\t\t\t<\/div>\n\t\t\t\t<\/div>\n\t\t\t\t<div class=\"elementor-element elementor-element-9fa5646 elementor-widget elementor-widget-heading\" data-id=\"9fa5646\" data-element_type=\"widget\" data-widget_type=\"heading.default\">\n\t\t\t\t<div class=\"elementor-widget-container\">\n\t\t\t\t\t<h4 class=\"elementor-heading-title elementor-size-default\">A trav\u00e9s de la mirada de Gloria Santancruz D\u00edaz<\/h4>\t\t\t\t<\/div>\n\t\t\t\t<\/div>\n\t\t\t\t<div class=\"elementor-element elementor-element-4cf9298 elementor-widget elementor-widget-text-editor\" data-id=\"4cf9298\" data-element_type=\"widget\" data-widget_type=\"text-editor.default\">\n\t\t\t\t<div class=\"elementor-widget-container\">\n\t\t\t\t\t\t\t\t\t<p>los invitamos a un conversatorio sobre \u00abLa Batalla de Barbacoas\u00bb, una obra de la artista pastusa Gloria Santancruz. Este cuadro, que ilustra un cap\u00edtulo crucial de nuestra historia.<\/p>\t\t\t\t\t\t\t\t<\/div>\n\t\t\t\t<\/div>\n\t\t\t\t\t<\/div>\n\t\t<\/div>\n\t\t\t\t\t<\/div>\n\t\t<\/section>\n\t\t\t\t\t<\/div>\n\t\t<\/div>\n\t\t\t\t\t<\/div>\n\t\t<\/section>\n\t\t\t\t<section class=\"elementor-section elementor-top-section elementor-element elementor-element-b46bff3 elementor-section-full_width elementor-section-height-default elementor-section-height-default wpr-particle-no wpr-jarallax-no wpr-sticky-section-no\" data-id=\"b46bff3\" data-element_type=\"section\">\n\t\t\t\t\t\t<div class=\"elementor-container elementor-column-gap-default\">\n\t\t\t\t\t<div class=\"elementor-column elementor-col-100 elementor-top-column elementor-element elementor-element-8d7f448\" data-id=\"8d7f448\" data-element_type=\"column\">\n\t\t\t<div class=\"elementor-widget-wrap elementor-element-populated\">\n\t\t\t\t\t\t<div class=\"elementor-element elementor-element-0fe64c1 elementor-widget elementor-widget-text-editor\" data-id=\"0fe64c1\" data-element_type=\"widget\" data-widget_type=\"text-editor.default\">\n\t\t\t\t<div class=\"elementor-widget-container\">\n\t\t\t\t\t\t\t\t\t<p>Estimados amigos del arte y la historia<\/p><p>Nos complace invitarlos a un conversatorio en torno al cuadro \u00abLa Batalla de Barbacoas\u00bb, pieza reconocida por Gloria Santancruz, artista de la ciudad de Pasto. Esta obra donada, nos transporta a uno de los momentos marcados en la historia local, y nos brinda una perspectiva \u00fanica sobre este suceso.<\/p><p>Contaremos con la presencia de invitados especiales, expertos en arte e historia, quienes nos guiar\u00e1n en un an\u00e1lisis profundo del cuadro y su contexto hist\u00f3rico.<\/p><p style=\"text-align: left;\">.<\/p>\t\t\t\t\t\t\t\t<\/div>\n\t\t\t\t<\/div>\n\t\t\t\t<div class=\"elementor-element elementor-element-2569634 elementor-widget elementor-widget-text-editor\" data-id=\"2569634\" data-element_type=\"widget\" data-widget_type=\"text-editor.default\">\n\t\t\t\t<div class=\"elementor-widget-container\">\n\t\t\t\t\t\t\t\t\t<p>Los y las esperamos este viernes 30 de Agosto.<br \/>5:00pm<\/p><p>ENTRADA LIBRE<\/p>\t\t\t\t\t\t\t\t<\/div>\n\t\t\t\t<\/div>\n\t\t\t\t\t<\/div>\n\t\t<\/div>\n\t\t\t\t\t<\/div>\n\t\t<\/section>\n\t\t\t\t<\/div>\n\t\t","protected":false},"excerpt":{"rendered":"<p>La Batalla de Barbacoas A trav\u00e9s de la mirada de Gloria Santancruz D\u00edaz los invitamos a un conversatorio sobre \u00abLa Batalla de Barbacoas\u00bb, una obra de la artista pastusa Gloria Santancruz. Este cuadro, que ilustra un cap\u00edtulo crucial de nuestra historia. Estimados amigos del arte y la historia Nos complace invitarlos a un conversatorio en torno al cuadro \u00abLa Batalla de Barbacoas\u00bb, pieza reconocida por Gloria Santancruz, artista de la ciudad de Pasto. Esta obra donada, nos transporta a uno de los momentos marcados en la historia local, y nos brinda una perspectiva \u00fanica sobre este suceso. Contaremos con la presencia de invitados especiales, expertos en arte e historia, quienes nos guiar\u00e1n en un an\u00e1lisis profundo del cuadro y su contexto hist\u00f3rico. . Los y las esperamos este viernes 30 de Agosto.5:00pm ENTRADA LIBRE<\/p>\n","protected":false},"author":1,"featured_media":1857,"comment_status":"closed","ping_status":"closed","sticky":false,"template":"","format":"standard","meta":{"_eb_attr":"","footnotes":""},"categories":[1],"tags":[],"class_list":["post-1855","post","type-post","status-publish","format-standard","has-post-thumbnail","hentry","category-evento"],"_links":{"self":[{"href":"https:\/\/museojuanlorenzo.com\/index.php\/wp-json\/wp\/v2\/posts\/1855","targetHints":{"allow":["GET"]}}],"collection":[{"href":"https:\/\/museojuanlorenzo.com\/index.php\/wp-json\/wp\/v2\/posts"}],"about":[{"href":"https:\/\/museojuanlorenzo.com\/index.php\/wp-json\/wp\/v2\/types\/post"}],"author":[{"embeddable":true,"href":"https:\/\/museojuanlorenzo.com\/index.php\/wp-json\/wp\/v2\/users\/1"}],"replies":[{"embeddable":true,"href":"https:\/\/museojuanlorenzo.com\/index.php\/wp-json\/wp\/v2\/comments?post=1855"}],"version-history":[{"count":5,"href":"https:\/\/museojuanlorenzo.com\/index.php\/wp-json\/wp\/v2\/posts\/1855\/revisions"}],"predecessor-version":[{"id":3057,"href":"https:\/\/museojuanlorenzo.com\/index.php\/wp-json\/wp\/v2\/posts\/1855\/revisions\/3057"}],"wp:featuredmedia":[{"embeddable":true,"href":"https:\/\/museojuanlorenzo.com\/index.php\/wp-json\/wp\/v2\/media\/1857"}],"wp:attachment":[{"href":"https:\/\/museojuanlorenzo.com\/index.php\/wp-json\/wp\/v2\/media?parent=1855"}],"wp:term":[{"taxonomy":"category","embeddable":true,"href":"https:\/\/museojuanlorenzo.com\/index.php\/wp-json\/wp\/v2\/categories?post=1855"},{"taxonomy":"post_tag","embeddable":true,"href":"https:\/\/museojuanlorenzo.com\/index.php\/wp-json\/wp\/v2\/tags?post=1855"}],"curies":[{"name":"wp","href":"https:\/\/api.w.org\/{rel}","templated":true}]}}